{"id":917,"date":"2022-07-12T14:41:37","date_gmt":"2022-07-12T12:41:37","guid":{"rendered":"http:\/\/www.flautomagicocermenate.it\/?p=917"},"modified":"2022-07-12T14:42:51","modified_gmt":"2022-07-12T12:42:51","slug":"campus-di-insieme-per-archi","status":"publish","type":"post","link":"https:\/\/www.flautomagicocermenate.it\/?p=917","title":{"rendered":"Campus di insieme per archi"},"content":{"rendered":"\n<div class=\"wp-block-columns is-layout-flex wp-container-core-columns-is-layout-9d6595d7 wp-block-columns-is-layout-flex\">\n<div class=\"wp-block-column is-layout-flow wp-block-column-is-layout-flow\" style=\"flex-basis:33.33%\">\n<figure class=\"wp-block-image size-large\"><img loading=\"lazy\" decoding=\"async\" width=\"725\" height=\"1024\" src=\"http:\/\/www.flautomagicocermenate.it\/wp-content\/uploads\/2022\/07\/Screenshot_20220711-165758_Samsung-Internet-725x1024.jpg\" alt=\"\" class=\"wp-image-918\" srcset=\"https:\/\/www.flautomagicocermenate.it\/wp-content\/uploads\/2022\/07\/Screenshot_20220711-165758_Samsung-Internet-725x1024.jpg 725w, https:\/\/www.flautomagicocermenate.it\/wp-content\/uploads\/2022\/07\/Screenshot_20220711-165758_Samsung-Internet-212x300.jpg 212w, https:\/\/www.flautomagicocermenate.it\/wp-content\/uploads\/2022\/07\/Screenshot_20220711-165758_Samsung-Internet-768x1085.jpg 768w, https:\/\/www.flautomagicocermenate.it\/wp-content\/uploads\/2022\/07\/Screenshot_20220711-165758_Samsung-Internet.jpg 1080w\" sizes=\"auto, (max-width: 725px) 100vw, 725px\" \/><\/figure>\n<\/div>\n\n\n\n<div class=\"wp-block-column is-layout-flow wp-block-column-is-layout-flow\" style=\"flex-basis:66.66%\">\n<p>Dal 5 al 9 settembre Giulia Alessio, Tommaso Angelini e Paolo Venturini hanno organizzato un campus di musica d\u2019insieme per archi presso la Scuola di musica &#8220;Il Flauto Magico&#8221; &#8211; Cermenate!<\/p>\n\n\n\n<p>Saranno cinque giorni intensivi di musica da camera, con la possibilit\u00e0 di fare anche lezione individuale di strumento.&nbsp;<\/p>\n\n\n\n<p>Cerchiamo violini, viole, violoncelli e contrabbassi!&nbsp;<\/p>\n\n\n\n<p>Il corso non ha limiti n\u00e9 di et\u00e0 n\u00e9 di esperienza<\/p>\n\n\n\n<p>Per qualsiasi informazione scriveteci o chiamateci!<\/p>\n<\/div>\n<\/div>\n","protected":false},"excerpt":{"rendered":"<p>Dal 5 al 9 settembre Giulia Alessio, Tommaso Angelini e Paolo Venturini hanno organizzato un campus di musica d\u2019insieme per archi presso la Scuola di musica &#8220;Il Flauto Magico&#8221; &#8211; &#8230;<\/p>\n","protected":false},"author":1,"featured_media":918,"comment_status":"closed","ping_status":"open","sticky":false,"template":"","format":"standard","meta":{"footnotes":""},"categories":[3,1],"tags":[],"class_list":["post-917","post","type-post","status-publish","format-standard","has-post-thumbnail","hentry","category-eventi","category-news"],"_links":{"self":[{"href":"https:\/\/www.flautomagicocermenate.it\/index.php?rest_route=\/wp\/v2\/posts\/917","targetHints":{"allow":["GET"]}}],"collection":[{"href":"https:\/\/www.flautomagicocermenate.it\/index.php?rest_route=\/wp\/v2\/posts"}],"about":[{"href":"https:\/\/www.flautomagicocermenate.it\/index.php?rest_route=\/wp\/v2\/types\/post"}],"author":[{"embeddable":true,"href":"https:\/\/www.flautomagicocermenate.it\/index.php?rest_route=\/wp\/v2\/users\/1"}],"replies":[{"embeddable":true,"href":"https:\/\/www.flautomagicocermenate.it\/index.php?rest_route=%2Fwp%2Fv2%2Fcomments&post=917"}],"version-history":[{"count":1,"href":"https:\/\/www.flautomagicocermenate.it\/index.php?rest_route=\/wp\/v2\/posts\/917\/revisions"}],"predecessor-version":[{"id":919,"href":"https:\/\/www.flautomagicocermenate.it\/index.php?rest_route=\/wp\/v2\/posts\/917\/revisions\/919"}],"wp:featuredmedia":[{"embeddable":true,"href":"https:\/\/www.flautomagicocermenate.it\/index.php?rest_route=\/wp\/v2\/media\/918"}],"wp:attachment":[{"href":"https:\/\/www.flautomagicocermenate.it\/index.php?rest_route=%2Fwp%2Fv2%2Fmedia&parent=917"}],"wp:term":[{"taxonomy":"category","embeddable":true,"href":"https:\/\/www.flautomagicocermenate.it\/index.php?rest_route=%2Fwp%2Fv2%2Fcategories&post=917"},{"taxonomy":"post_tag","embeddable":true,"href":"https:\/\/www.flautomagicocermenate.it\/index.php?rest_route=%2Fwp%2Fv2%2Ftags&post=917"}],"curies":[{"name":"wp","href":"https:\/\/api.w.org\/{rel}","templated":true}]}}